{"id":944,"date":"2011-10-07T18:41:45","date_gmt":"2011-10-07T16:41:45","guid":{"rendered":"http:\/\/supernane.de\/?p=944"},"modified":"2011-10-07T18:41:45","modified_gmt":"2011-10-07T16:41:45","slug":"fast-5-monate","status":"publish","type":"post","link":"https:\/\/supernane.de\/?p=944","title":{"rendered":"Fast 5 Monate&#8230;"},"content":{"rendered":"<p>&#8230; kein neuer Blogbeitrag. Ja, ich sollte mich sch\u00e4men. Aber Umzug und Jobwechsel haben in den letzten Monaten doch ziemlich meine Kreativit\u00e4t eingeschr\u00e4nkt. Ich habe zwar gen\u00e4ht, aber bisher nur neue Sofa-Kissen und zwischendurch mal eins\/zwei Geschenke, die ich vergessen habe zu fotografieren.<\/p>\n<p>Aber letztes Wochenende hat es mich doch endlich mal wieder gepackt und ich habe mich an mein Maschinchen gesetzt. Der Mann hat ja schon l\u00e4nger kritisiert, dass ich ihm noch keine Puschen gen\u00e4ht habe. Leder habe ich schon l\u00e4nger, das hat nun schon einen Umzug hinter sich und musste jetzt nur noch verarbeitet werden. Hier also das Ergebnis, gen\u00e4ht nach dem eBook <a title=\"farbenmix.de\" href=\"http:\/\/www.farbenmix.de\/shop\/Kreativ-Ebooks\/bepuscht-fuer-Grosse-in-den-Groessen-34-45-Kreativ-Ebook::9376.html\" target=\"_blank\" rel=\"noopener\">&#8222;bepuscht f\u00fcr Gro\u00dfe&#8220;:<\/a><\/p>\n<p>&nbsp;<\/p>\n<div class=\"gbBlock\"><a href=\"http:\/\/gallery.supernane.de\/v\/kreativ\/naehen\/Kleidung\/Uli\/DSC00422.JPG.html?g2_imageViewsIndex=1\" target=\"_blank\" rel=\"noopener\"><img loading=\"lazy\" decoding=\"async\" class=\"aligncenter\" src=\"http:\/\/gallery.supernane.de\/d\/17483-2\/DSC00422.JPG\" alt=\"Puschen\" width=\"219\" height=\"164\" \/><\/a><\/div>\n<div class=\"gbBlock\">Sie sind mir deutlich besser gelungen, als <a title=\"Puschen\" href=\"http:\/\/supernane.de\/2011\/02\/puschen\/\" target=\"_blank\" rel=\"noopener\">meine eigenen<\/a> aber so ganz zufrieden bin ich leider immer noch nicht. Dem Mann gefallen sie; nun hoffe ich, dass er sie auch tr\u00e4gt.<\/div>\n<p>Aus den Lederresten habe ich dann f\u00fcr den kleinen Nachbarsjungen ebenfalls Puschen gen\u00e4ht, diesmal noch mit extra Krabbelschutzkappe:<\/p>\n<p>&nbsp;<\/p>\n<div id=\"gsImageView\" class=\"gbBlock\"><a href=\"https:\/\/mig.uli-baumann.de\/wp-content\/uploads\/2011\/10\/Krabbelpuschen.jpg\"><img loading=\"lazy\" decoding=\"async\" class=\"aligncenter size-medium wp-image-964\" title=\"Krabbelpuschen\" src=\"https:\/\/mig.uli-baumann.de\/wp-content\/uploads\/2011\/10\/Krabbelpuschen-300x300.jpg\" alt=\"\" width=\"220\" height=\"220\" srcset=\"https:\/\/supernane.de\/wp-content\/uploads\/2011\/10\/Krabbelpuschen-300x300.jpg 300w, https:\/\/supernane.de\/wp-content\/uploads\/2011\/10\/Krabbelpuschen-1024x1024.jpg 1024w, https:\/\/supernane.de\/wp-content\/uploads\/2011\/10\/Krabbelpuschen-150x150.jpg 150w, https:\/\/supernane.de\/wp-content\/uploads\/2011\/10\/Krabbelpuschen-768x768.jpg 768w, https:\/\/supernane.de\/wp-content\/uploads\/2011\/10\/Krabbelpuschen-1536x1536.jpg 1536w, https:\/\/supernane.de\/wp-content\/uploads\/2011\/10\/Krabbelpuschen-1200x1200.jpg 1200w, https:\/\/supernane.de\/wp-content\/uploads\/2011\/10\/Krabbelpuschen-1980x1980.jpg 1980w, https:\/\/supernane.de\/wp-content\/uploads\/2011\/10\/Krabbelpuschen.jpg 2015w\" sizes=\"auto, (max-width: 220px) 100vw, 220px\" \/><\/a><\/div>\n<p>&nbsp;<\/p>\n<p>Gen\u00e4ht nach <a title=\"farbenmix.de\" href=\"http:\/\/www.farbenmix.de\/shop\/Alle-Kreativ-Ebooks\/bepuscht-fuer-die-Groessen-18-32-33-Kreativ-Ebook::8921.html\" target=\"_blank\" rel=\"noopener\">&#8222;bepuscht&#8220;<\/a> in Gr\u00f6\u00dfe 20. Der kleine Kerl ist nach Fertigstellung direkt darin rumgestapft.. sehr s\u00fc\u00df.<\/p>\n<p>Das N\u00e4hen von Kindersachen macht mir doch immer wieder besonders Freude. Erstens gehen die Sachen meist sehr schnell und zweitens ist es toll die Kleinen dann damit zu sehen.<\/p>\n<p>So, nun hoffe ich, dass es hier nun wieder mehr von mir zu lesen gibt&#8230;.<\/p>\n","protected":false},"excerpt":{"rendered":"<p>&#8230; kein neuer Blogbeitrag. Ja, ich sollte mich sch\u00e4men. Aber Umzug und Jobwechsel haben in den letzten Monaten doch ziemlich meine Kreativit\u00e4t eingeschr\u00e4nkt. Ich habe zwar gen\u00e4ht, aber bisher nur neue Sofa-Kissen und zwischendurch mal eins\/zwei Geschenke, die ich vergessen habe zu fotografieren. Aber letztes Wochenende hat es mich doch endlich mal wieder gepackt und [&hellip;]<\/p>\n","protected":false},"author":1,"featured_media":0,"comment_status":"open","ping_status":"open","sticky":false,"template":"","format":"standard","meta":{"footnotes":""},"categories":[7,8],"tags":[20,25,59],"class_list":["post-944","post","type-post","status-publish","format-standard","hentry","category-kinderkleidung","category-kleidung","tag-bepuscht","tag-farbenmix","tag-nahen"],"_links":{"self":[{"href":"https:\/\/supernane.de\/index.php?rest_route=\/wp\/v2\/posts\/944","targetHints":{"allow":["GET"]}}],"collection":[{"href":"https:\/\/supernane.de\/index.php?rest_route=\/wp\/v2\/posts"}],"about":[{"href":"https:\/\/supernane.de\/index.php?rest_route=\/wp\/v2\/types\/post"}],"author":[{"embeddable":true,"href":"https:\/\/supernane.de\/index.php?rest_route=\/wp\/v2\/users\/1"}],"replies":[{"embeddable":true,"href":"https:\/\/supernane.de\/index.php?rest_route=%2Fwp%2Fv2%2Fcomments&post=944"}],"version-history":[{"count":0,"href":"https:\/\/supernane.de\/index.php?rest_route=\/wp\/v2\/posts\/944\/revisions"}],"wp:attachment":[{"href":"https:\/\/supernane.de\/index.php?rest_route=%2Fwp%2Fv2%2Fmedia&parent=944"}],"wp:term":[{"taxonomy":"category","embeddable":true,"href":"https:\/\/supernane.de\/index.php?rest_route=%2Fwp%2Fv2%2Fcategories&post=944"},{"taxonomy":"post_tag","embeddable":true,"href":"https:\/\/supernane.de\/index.php?rest_route=%2Fwp%2Fv2%2Ftags&post=944"}],"curies":[{"name":"wp","href":"https:\/\/api.w.org\/{rel}","templated":true}]}}