{"id":926,"date":"2011-05-17T08:00:00","date_gmt":"2011-05-17T06:00:00","guid":{"rendered":"http:\/\/supernane.de\/?p=926"},"modified":"2011-05-17T08:00:00","modified_gmt":"2011-05-17T06:00:00","slug":"frotteefan","status":"publish","type":"post","link":"https:\/\/supernane.de\/?p=926","title":{"rendered":"Frotteefant"},"content":{"rendered":"<p>Babygeschenke n\u00e4he ich ja wirklich total gern. In diesem Fall ist wieder eine Kollegin schwanger und erwartet einen Jungen. Wie in vorherigen Posts ja bereits erw\u00e4hnt, n\u00e4he ich zu solchen Anl\u00e4ssen am liebsten etwas zum Kuscheln. Das kann schlie\u00dflich jedes Baby gebrauchen, oder nicht? In diesem Fall ist es wieder ein Elefant nach dem Schnittmuster <a href=\"http:\/\/www.farbenmix.de\/shop\/Kreative-FREEbooks\/ELEFANTOeS-Kreativ-Ebook-als-Geschenk::10046.html\" target=\"_blank\" rel=\"noopener\">&#8222;Elefant\u00f6s&#8220;<\/a> von <a href=\"http:\/\/farbenmix.de\/\" target=\"_blank\" rel=\"noopener\">farbenmix.de<\/a> geworden. Diesmal ist der Elefant fast komplett aus Frottee gen\u00e4ht (sozusagen ein Frotteefant) und somit ganz sicher kindertauglich, weil einfach waschbar und super kuschelig. Nur die Innenseiten der Ohren sind aus einem sehr sch\u00f6n passenden Vichy-Karo.<\/p>\n<div id=\"gsImageView\" class=\"gbBlock\"><a href=\"http:\/\/gallery.supernane.de\/v\/kreativ\/naehen\/Sonstiges\/Elefanten\/DSC00150.JPG.html?g2_imageViewsIndex=1\" target=\"_blank\" rel=\"noopener\"><img loading=\"lazy\" decoding=\"async\" class=\"aligncenter\" src=\"http:\/\/gallery.supernane.de\/d\/17219-2\/DSC00150.JPG\" alt=\"Frotteefant\" width=\"435\" height=\"330\" \/><\/a><a href=\"http:\/\/gallery.supernane.de\/v\/kreativ\/naehen\/Sonstiges\/Elefanten\/DSC00150.JPG.html?g2_imageViewsIndex=1\"> <\/a><\/div>\n<div class=\"gbBlock\">\n<p>Um auch mal zu zeigen, dass er richtige Ohren hat, hier der Frontalfant:<\/p>\n<div id=\"gsImageView\" class=\"gbBlock\"><a href=\"http:\/\/gallery.supernane.de\/v\/kreativ\/naehen\/Sonstiges\/Elefanten\/DSC00154.jpg.html?g2_imageViewsIndex=1\"><img loading=\"lazy\" decoding=\"async\" class=\"aligncenter\" src=\"http:\/\/gallery.supernane.de\/d\/17227-2\/DSC00154.jpg\" alt=\"Frontalfant\" width=\"330\" height=\"425\" \/><\/a><\/div>\n<\/div>\n<div class=\"gbBlock\">Dieses eBook kann ich wirklich nur weiter empfehlen. Es ist sooo einfach zu n\u00e4hen und es entsteht ein wirklich tolles Kuscheltier. Irgendwann n\u00e4he ich mir bestimmt mal einen nur f\u00fcr mich. Als Kopfkissen zum lesen oder so, ist der bestimmt super. \ud83d\ude42<\/div>\n<p>\u00a0<\/p>\n<div class=\"gbBlock\">F\u00fcr die werdenden Eltern, die hier auch ab und zu mitlesen: Der Mann und ich w\u00fcnschen Euch und Eurem Nachwuchs alles Gute!<\/div>\n","protected":false},"excerpt":{"rendered":"<p>Babygeschenke n\u00e4he ich ja wirklich total gern. In diesem Fall ist wieder eine Kollegin schwanger und erwartet einen Jungen. Wie in vorherigen Posts ja bereits erw\u00e4hnt, n\u00e4he ich zu solchen Anl\u00e4ssen am liebsten etwas zum Kuscheln. Das kann schlie\u00dflich jedes Baby gebrauchen, oder nicht? In diesem Fall ist es wieder ein Elefant nach dem Schnittmuster [&hellip;]<\/p>\n","protected":false},"author":1,"featured_media":0,"comment_status":"open","ping_status":"open","sticky":false,"template":"","format":"standard","meta":{"footnotes":""},"categories":[10],"tags":[24,25,59],"class_list":["post-926","post","type-post","status-publish","format-standard","hentry","category-kuscheltiere","tag-elefantos","tag-farbenmix","tag-nahen"],"_links":{"self":[{"href":"https:\/\/supernane.de\/index.php?rest_route=\/wp\/v2\/posts\/926","targetHints":{"allow":["GET"]}}],"collection":[{"href":"https:\/\/supernane.de\/index.php?rest_route=\/wp\/v2\/posts"}],"about":[{"href":"https:\/\/supernane.de\/index.php?rest_route=\/wp\/v2\/types\/post"}],"author":[{"embeddable":true,"href":"https:\/\/supernane.de\/index.php?rest_route=\/wp\/v2\/users\/1"}],"replies":[{"embeddable":true,"href":"https:\/\/supernane.de\/index.php?rest_route=%2Fwp%2Fv2%2Fcomments&post=926"}],"version-history":[{"count":0,"href":"https:\/\/supernane.de\/index.php?rest_route=\/wp\/v2\/posts\/926\/revisions"}],"wp:attachment":[{"href":"https:\/\/supernane.de\/index.php?rest_route=%2Fwp%2Fv2%2Fmedia&parent=926"}],"wp:term":[{"taxonomy":"category","embeddable":true,"href":"https:\/\/supernane.de\/index.php?rest_route=%2Fwp%2Fv2%2Fcategories&post=926"},{"taxonomy":"post_tag","embeddable":true,"href":"https:\/\/supernane.de\/index.php?rest_route=%2Fwp%2Fv2%2Ftags&post=926"}],"curies":[{"name":"wp","href":"https:\/\/api.w.org\/{rel}","templated":true}]}}