{"id":897,"date":"2011-03-01T20:15:05","date_gmt":"2011-03-01T19:15:05","guid":{"rendered":"http:\/\/supernane.de\/?p=897"},"modified":"2011-03-01T20:15:05","modified_gmt":"2011-03-01T19:15:05","slug":"mutzchen","status":"publish","type":"post","link":"https:\/\/supernane.de\/?p=897","title":{"rendered":"M\u00fctzchen"},"content":{"rendered":"<p>Kurz vor Weihnachten hat der Mann einer schwangeren Kollegin gezeigt, was ich so alles n\u00e4he.. u.a die Sachen f\u00fcr Babys\/Kinder. Besagte Kollegin stand kurze Zeit sp\u00e4ter bei mir in der B\u00fcrot\u00fcr und w\u00fcnschte sich etwas selbst gen\u00e4htes f\u00fcr ihr Baby. Ein M\u00e4dchen wird es. Aber das Selbstgen\u00e4hte darf nicht rosa sein und praktisch soll es sein. Leider beraubte mich das l\u00e4ngere Zeit meiner Kreativit\u00e4t. Ich liebe es tolle Kuscheltiere zu n\u00e4hen und f\u00fcr ein M\u00e4dchen auch endlich mal in rosa.. aber nein, das sollte ja nicht.<\/p>\n<p>Nach diversen anderen Ideen,<!--more--> die ich leider aufgrund akuten Zeitmangels nicht umsetzen konnte, erfuhr ich letzte Woche, dass die Kollegin am kommenden Donnerstag ihren letzten Arbeitstag hat. Das setzte mich unter Druck. M\u00e4chtig! Ich wollte ja unbedingt etwas zum Abschied n\u00e4hen, weil ich nicht wei\u00df wann ich sie wieder sehe.<\/p>\n<p>Wir erwartet, kam mir mal wieder ein farbenmix-Schnitt zu Hilfe: <a href=\"http:\/\/www.farbenmix.de\/shop\/Neues\/Bonnet-Sommermuetze-Kreativ-Ebook::10648.html\" target=\"_blank\" rel=\"noopener\">Bonnet Sommerm\u00fctze<\/a>. Einen passenden Stoff in lila (nein, nicht rosa) hatte ich auch noch zuhause. So ist am Wochenende eine s\u00fc\u00dfe kleine M\u00e4dchen-M\u00fctze f\u00fcr entstanden. Laut Schnittmuster ist die M\u00fctze so f\u00fcr 0-6 Monate alte Babies passend. Ich hoffe es passt. Und ich hoffe es gef\u00e4llt. \ud83d\ude42<\/p>\n<p>Da ich kein passendes Baby zur Hand habe, musste der kleine Pl\u00fcsch-Husky als Modell herhalten:<\/p>\n<p style=\"text-align: center;\"><a href=\"http:\/\/gallery.supernane.de\/v\/kreativ\/naehen\/Kleidung\/Kinder\/Sommerhuetchen\/DSC00115.jpg.html?g2_imageViewsIndex=1\" target=\"_blank\" rel=\"noopener\"> <img loading=\"lazy\" decoding=\"async\" class=\"aligncenter\" title=\"Sommerh\u00fctchen\" src=\"http:\/\/gallery.supernane.de\/d\/17121-2\/DSC00115.jpg\" alt=\"Sommerh\u00fctchen\" width=\"345\" height=\"345\" \/><\/a><a href=\"http:\/\/gallery.supernane.de\/v\/kreativ\/naehen\/Kleidung\/Kinder\/Sommerhuetchen\/DSC00114.jpg.html?g2_imageViewsIndex=1\" target=\"_blank\" rel=\"noopener\"> <img loading=\"lazy\" decoding=\"async\" class=\"aligncenter\" title=\"Sommerh\u00fctchen von hinten\" src=\"http:\/\/gallery.supernane.de\/d\/17111-2\/DSC00114.jpg\" alt=\"Sommerh\u00fctchen von hinten\" width=\"345\" height=\"345\" \/> <\/a><a href=\"http:\/\/gallery.supernane.de\/v\/kreativ\/naehen\/Kleidung\/Kinder\/Sommerhuetchen\/DSC00115.jpg.html?g2_imageViewsIndex=1\"> <\/a><\/p>\n<p style=\"text-align: center;\">\n","protected":false},"excerpt":{"rendered":"<p>Kurz vor Weihnachten hat der Mann einer schwangeren Kollegin gezeigt, was ich so alles n\u00e4he.. u.a die Sachen f\u00fcr Babys\/Kinder. Besagte Kollegin stand kurze Zeit sp\u00e4ter bei mir in der B\u00fcrot\u00fcr und w\u00fcnschte sich etwas selbst gen\u00e4htes f\u00fcr ihr Baby. Ein M\u00e4dchen wird es. Aber das Selbstgen\u00e4hte darf nicht rosa sein und praktisch soll es [&hellip;]<\/p>\n","protected":false},"author":1,"featured_media":0,"comment_status":"open","ping_status":"open","sticky":false,"template":"","format":"standard","meta":{"footnotes":""},"categories":[7],"tags":[25,57,59,77],"class_list":["post-897","post","type-post","status-publish","format-standard","hentry","category-kinderkleidung","tag-farbenmix","tag-mutze","tag-nahen","tag-sommerhut"],"_links":{"self":[{"href":"https:\/\/supernane.de\/index.php?rest_route=\/wp\/v2\/posts\/897","targetHints":{"allow":["GET"]}}],"collection":[{"href":"https:\/\/supernane.de\/index.php?rest_route=\/wp\/v2\/posts"}],"about":[{"href":"https:\/\/supernane.de\/index.php?rest_route=\/wp\/v2\/types\/post"}],"author":[{"embeddable":true,"href":"https:\/\/supernane.de\/index.php?rest_route=\/wp\/v2\/users\/1"}],"replies":[{"embeddable":true,"href":"https:\/\/supernane.de\/index.php?rest_route=%2Fwp%2Fv2%2Fcomments&post=897"}],"version-history":[{"count":0,"href":"https:\/\/supernane.de\/index.php?rest_route=\/wp\/v2\/posts\/897\/revisions"}],"wp:attachment":[{"href":"https:\/\/supernane.de\/index.php?rest_route=%2Fwp%2Fv2%2Fmedia&parent=897"}],"wp:term":[{"taxonomy":"category","embeddable":true,"href":"https:\/\/supernane.de\/index.php?rest_route=%2Fwp%2Fv2%2Fcategories&post=897"},{"taxonomy":"post_tag","embeddable":true,"href":"https:\/\/supernane.de\/index.php?rest_route=%2Fwp%2Fv2%2Ftags&post=897"}],"curies":[{"name":"wp","href":"https:\/\/api.w.org\/{rel}","templated":true}]}}