{"id":864,"date":"2011-01-14T16:15:36","date_gmt":"2011-01-14T15:15:36","guid":{"rendered":"http:\/\/supernane.de\/?p=864"},"modified":"2011-01-14T16:15:36","modified_gmt":"2011-01-14T15:15:36","slug":"jacke-fur-den-mann-teil-2","status":"publish","type":"post","link":"https:\/\/supernane.de\/?p=864","title":{"rendered":"Jacke f\u00fcr den Mann bzw. f\u00fcr jemand anderen"},"content":{"rendered":"<p>Trotz der im letzten Post beschriebenen Anfangsschwierigkeiten, ist die Jacke am letzten Sonntag fertig geworden.<\/p>\n<p><a href=\"http:\/\/gallery.supernane.de\/v\/kreativ\/naehen\/Kleidung\/Uli\/DSC00088.jpg.html?g2_imageViewsIndex=1\" target=\"_blank\" rel=\"noopener\"> <img loading=\"lazy\" decoding=\"async\" class=\"alignleft\" src=\"http:\/\/gallery.supernane.de\/d\/17054-2\/DSC00088.jpg\" alt=\"Jacke &quot;Fehmarn&quot;\" width=\"232\" height=\"314\" \/> <\/a>Wie bereits erw\u00e4hnt, habe ich den Schnitt <a href=\"http:\/\/www.farbenmix.de\/de\/fehmarn.html\" target=\"_blank\" rel=\"noopener\">&#8222;Fehmarn&#8220; von Farbenmix<\/a> f\u00fcr die Jacke gew\u00e4hlt. Der Schnitt lie\u00df sich hervorragend n\u00e4hen und ist wie immer super erkl\u00e4rt. Beim Stoff haben wir uns f\u00fcr einen Mix entschieden: Fleece in 2 Graut\u00f6nen. Das hellere Grau habe ich f\u00fcr die B\u00fcndchen verwendet, au\u00dferdem ist die Kapuze mit einem dunkel-lila Jersey gedoppelt. Die Taschenbeutel sind ebenfalls aus diesem Jersey. <!--more--><\/p>\n<p>Leider habe ich mich bei der Wahl der Gr\u00f6\u00dfe vertan und nun ist die Jacke zwar fertig und wirklich gut geworden, aber sie ist dem Lieblingsmann zu kurz. Tja, so etwas passiert. \u00c4rgerlich, klar. Aber es wird sich schon noch ein Abnehmer f\u00fcr die Jacke finden. \ud83d\ude42<a href=\"http:\/\/gallery.supernane.de\/v\/kreativ\/naehen\/Kleidung\/Uli\/DSC00088.jpg.html?g2_imageViewsIndex=1\"> <\/a><\/p>\n<p>Worauf ich diesmal wirklich besonders stolz bin, ist die Verarbeitung. Auch von innen sieht die Jacke wirklich sehr aufger\u00e4umt und ordentlich aus, was bisher leider nicht immer der Fall war. Ein Grund daf\u00fcr ist vermutlich einer meiner Eink\u00e4ufe auf dem letzten Stoffmarkt in F\u00fcrth: Mein Olfa Rollschneider. Warum hat mir nie jemand gesagt, wie praktisch so ein Teil ist? Ich dachte fr\u00fcher immer, der w\u00e4re nur f\u00fcr Patchworker sinnvoll. Aber ich habe mich get\u00e4uscht. ich habe noch nie vorher so gerade Kannten (auch bei bis zu 4 Lagen Fleece) geschnitten.<\/p>\n","protected":false},"excerpt":{"rendered":"<p>Trotz der im letzten Post beschriebenen Anfangsschwierigkeiten, ist die Jacke am letzten Sonntag fertig geworden. Wie bereits erw\u00e4hnt, habe ich den Schnitt &#8222;Fehmarn&#8220; von Farbenmix f\u00fcr die Jacke gew\u00e4hlt. Der Schnitt lie\u00df sich hervorragend n\u00e4hen und ist wie immer super erkl\u00e4rt. Beim Stoff haben wir uns f\u00fcr einen Mix entschieden: Fleece in 2 Graut\u00f6nen. Das [&hellip;]<\/p>\n","protected":false},"author":1,"featured_media":0,"comment_status":"open","ping_status":"open","sticky":false,"template":"","format":"standard","meta":{"footnotes":""},"categories":[8],"tags":[25,26,40,59],"class_list":["post-864","post","type-post","status-publish","format-standard","hentry","category-kleidung","tag-farbenmix","tag-fehmarn","tag-jacke","tag-nahen"],"_links":{"self":[{"href":"https:\/\/supernane.de\/index.php?rest_route=\/wp\/v2\/posts\/864","targetHints":{"allow":["GET"]}}],"collection":[{"href":"https:\/\/supernane.de\/index.php?rest_route=\/wp\/v2\/posts"}],"about":[{"href":"https:\/\/supernane.de\/index.php?rest_route=\/wp\/v2\/types\/post"}],"author":[{"embeddable":true,"href":"https:\/\/supernane.de\/index.php?rest_route=\/wp\/v2\/users\/1"}],"replies":[{"embeddable":true,"href":"https:\/\/supernane.de\/index.php?rest_route=%2Fwp%2Fv2%2Fcomments&post=864"}],"version-history":[{"count":0,"href":"https:\/\/supernane.de\/index.php?rest_route=\/wp\/v2\/posts\/864\/revisions"}],"wp:attachment":[{"href":"https:\/\/supernane.de\/index.php?rest_route=%2Fwp%2Fv2%2Fmedia&parent=864"}],"wp:term":[{"taxonomy":"category","embeddable":true,"href":"https:\/\/supernane.de\/index.php?rest_route=%2Fwp%2Fv2%2Fcategories&post=864"},{"taxonomy":"post_tag","embeddable":true,"href":"https:\/\/supernane.de\/index.php?rest_route=%2Fwp%2Fv2%2Ftags&post=864"}],"curies":[{"name":"wp","href":"https:\/\/api.w.org\/{rel}","templated":true}]}}