{"id":767,"date":"2010-10-18T20:16:59","date_gmt":"2010-10-18T18:16:59","guid":{"rendered":"http:\/\/supernane.de\/?p=767"},"modified":"2010-10-18T20:16:59","modified_gmt":"2010-10-18T18:16:59","slug":"stoffmarkt","status":"publish","type":"post","link":"https:\/\/supernane.de\/?p=767","title":{"rendered":"Stoffmarkt"},"content":{"rendered":"<p>Am Samstag war mal wieder der <a href=\"http:\/\/www.stoffmarktholland.de\" target=\"_blank\" rel=\"noopener\">holl\u00e4ndische Stoffmarkt<\/a> in <a href=\"http:\/\/www.fuerth.de\/\" target=\"_blank\" rel=\"noopener\">F\u00fcrth<\/a>. Eine tolle Sache f\u00fcr n\u00e4hbegeisterte Menschen wie mich.<\/p>\n<p>Schon vor Wochen habe ich den Mann genervt, dass er da mit mir hingehen muss, schlie\u00dflich ist er ein sehr guter Berater. Und naja.. jemanden zum Tragen brauche ich ja auch \ud83d\ude42<\/p>\n<p>Das Wetter am Samstag war nat\u00fcrlich ziemlich bescheiden. Regen. Und im Gegensatz zu den letzten Besuchen auf diesem Markt, sind wir diesmal erst gegen 13:30Uhr dort gewesen. Im Nachhinein kann man dazu nur sagen: Gute Idee! Auf dem Markt war weit weniger los als sonst und ich f\u00fchlte mich nicht sofort total genervt von den vielen Leuten. Nat\u00fcrlich hatte das schlechte Wetter einen Nachteil: Regenschirme.<!--more--><\/p>\n<p>Ich pers\u00f6nlich bin kein gro\u00dfer Regenschirm-Fan. Nat\u00fcrlich habe ich auch einen Schirm. Ich will schlie\u00dflich nicht immerzu mit Regenjacke rumlaufen. Aber wenn ich doch wei\u00df, dass ich auf einen Markt gehe und dort unheimlich viele Leute sind, es eng zugehen kann, warum muss man dann einen Schirm mitnehmen? Ist es erkl\u00e4rtes Ziel, anderen Leuten die Augen auszustechen?\u00a0 Vielleicht liegt es daran, dass ich relativ gro\u00df geraten bin und viele Leute ihren Schirm genau bei mir auf Augenh\u00f6he halten, aber deshalb kann man doch trotzdem auf seinen Schirm aufpassen. Auch wenn ich dar\u00fcber nun schon motze, es gab noch ein schlimmeres \u00dcbel:<\/p>\n<p style=\"text-align: center;\">Massenhaft Frauen an Kurzwarenst\u00e4nden!<\/p>\n<p style=\"text-align: left;\">Furchtbar ist das, eigentlich unbeschreiblich. Die Kurzwarenst\u00e4nde auf dem holl\u00e4ndischen Stoffmarkt sind toll. Man bekommt alles! In allen Farben! Zu g\u00fcnstigen Preisen. Klar, will man da kaufen, wenn man etwas braucht. Aber: Andere Leute wollen auch zumindest mal schauen. Oder vielleicht ja sogar auch kaufen. Aber selbst wo der Markt nun diesmal nicht so voll war, wurde man zur Seite geschoben (bewusst oder unbewusst, sei mal dahingestellt), angerempelt, nicht vorbei gelassen.. fast so, als wollte ich gerade alles an diesem Stand kaufen und au\u00dfer mir bekommt niemand\u00a0 mehr etwas. Die Idee ist nicht schlecht.. ich sollte das mal testen. \ud83d\ude42<br \/>\nTrotz allem bin ich am Samstag das erste mal wirklich dazu gekommen, mich ausgiebig an den Kurzwarenst\u00e4nden umzusehen und war begeistert. Schade, dass man nicht immer so eine Auswahl in unmittelbarer N\u00e4he hat.<\/p>\n<p style=\"text-align: left;\">Insgesamt war der Markt f\u00fcr mich jedoch sehr erfolgreich. Ich habe mir sch\u00f6ne St\u00f6ffchen gekauft aus denen hoffentlich bald auch tolle Sachen entstehen.<br \/>\nAn einem der Kurzwarenst\u00e4nde habe ich au\u00dferdem sehr g\u00fcnstiges Multicolor-Stickgarn gefunden. Da mussten dann doch ein paar 200m-Rollen mit. Im Laden meines Vertrauens stand ich auch schon \u00f6fter vor diesen Multicolor-Garnen und habe mich gefragt, wie das wohl aussieht, wenn man damit stickt. Und nun kann ich es in sechs verschiedenen Farbverl\u00e4ufen ausprobieren. \ud83d\ude42<\/p>\n<p style=\"text-align: left;\">\n","protected":false},"excerpt":{"rendered":"<p>Am Samstag war mal wieder der holl\u00e4ndische Stoffmarkt in F\u00fcrth. Eine tolle Sache f\u00fcr n\u00e4hbegeisterte Menschen wie mich. Schon vor Wochen habe ich den Mann genervt, dass er da mit mir hingehen muss, schlie\u00dflich ist er ein sehr guter Berater. Und naja.. jemanden zum Tragen brauche ich ja auch \ud83d\ude42 Das Wetter am Samstag war [&hellip;]<\/p>\n","protected":false},"author":1,"featured_media":0,"comment_status":"open","ping_status":"open","sticky":false,"template":"","format":"standard","meta":{"footnotes":""},"categories":[15],"tags":[82],"class_list":["post-767","post","type-post","status-publish","format-standard","hentry","category-unterwegs","tag-stoffmarkt"],"_links":{"self":[{"href":"https:\/\/supernane.de\/index.php?rest_route=\/wp\/v2\/posts\/767","targetHints":{"allow":["GET"]}}],"collection":[{"href":"https:\/\/supernane.de\/index.php?rest_route=\/wp\/v2\/posts"}],"about":[{"href":"https:\/\/supernane.de\/index.php?rest_route=\/wp\/v2\/types\/post"}],"author":[{"embeddable":true,"href":"https:\/\/supernane.de\/index.php?rest_route=\/wp\/v2\/users\/1"}],"replies":[{"embeddable":true,"href":"https:\/\/supernane.de\/index.php?rest_route=%2Fwp%2Fv2%2Fcomments&post=767"}],"version-history":[{"count":0,"href":"https:\/\/supernane.de\/index.php?rest_route=\/wp\/v2\/posts\/767\/revisions"}],"wp:attachment":[{"href":"https:\/\/supernane.de\/index.php?rest_route=%2Fwp%2Fv2%2Fmedia&parent=767"}],"wp:term":[{"taxonomy":"category","embeddable":true,"href":"https:\/\/supernane.de\/index.php?rest_route=%2Fwp%2Fv2%2Fcategories&post=767"},{"taxonomy":"post_tag","embeddable":true,"href":"https:\/\/supernane.de\/index.php?rest_route=%2Fwp%2Fv2%2Ftags&post=767"}],"curies":[{"name":"wp","href":"https:\/\/api.w.org\/{rel}","templated":true}]}}