{"id":613,"date":"2010-08-02T20:20:38","date_gmt":"2010-08-02T18:20:38","guid":{"rendered":"http:\/\/supernane.de\/?p=613"},"modified":"2010-08-02T20:20:38","modified_gmt":"2010-08-02T18:20:38","slug":"genahtes","status":"publish","type":"post","link":"https:\/\/supernane.de\/?p=613","title":{"rendered":"Gen\u00e4htes&#8230;"},"content":{"rendered":"<p>&#8230; muss es hier nat\u00fcrlich auch mal wieder geben.<\/p>\n<p>N\u00e4chste Woche geht eine Kollegin von mir in Mutterschutz und wir gehen morgen das letzte Mal zusammen in die Mittagspause. Da dachte ich mir, dass ich ihr ja schonmal eine Kleinigkeit f\u00fcr das Baby schenken k\u00f6nnte. Ich habe mich f\u00fcr ein kuscheliges <a href=\"http:\/\/www.farbenmix.de\/shop\/Kreativ-Ebooks\/Schnuckipue-Ein-schnuckliges-Kuscheltier-Kreativ-Ebook::9484.html\" target=\"_blank\" rel=\"noopener\">SchnuckiP\u00fc<\/a> entschieden:<a href=\"http:\/\/gallery.supernane.de\/v\/kreativ\/naehen\/Sonstiges\/Schnuckipue2.html?g2_imageViewsIndex=1\"><\/a><\/p>\n<p><a href=\"http:\/\/gallery.supernane.de\/v\/kreativ\/naehen\/Sonstiges\/Schnuckipue2.html?g2_imageViewsIndex=1\" target=\"_blank\" rel=\"noopener\"><img loading=\"lazy\" decoding=\"async\" src=\"http:\/\/gallery.supernane.de\/d\/15310-2\/Schnuckipue2\" alt=\"SchnuckiP\u00fc\" width=\"477\" height=\"425\" \/><\/a><a href=\"http:\/\/gallery.supernane.de\/v\/kreativ\/naehen\/Sonstiges\/Schnuckipue2.html?g2_imageViewsIndex=1\"> <\/a><\/p>\n<p>Dieses SchnuckiP\u00fc habe ich aus Frottee gen\u00e4ht, die &#8222;Haare&#8220; sind aus Kuschelfleece, M\u00fctze und Halstuch aus einem Rest Jersey.<\/p>\n<p>Ich hoffe, Baby-\/Kleinkind-tauglich \ud83d\ude42<\/p>\n","protected":false},"excerpt":{"rendered":"<p>&#8230; muss es hier nat\u00fcrlich auch mal wieder geben. N\u00e4chste Woche geht eine Kollegin von mir in Mutterschutz und wir gehen morgen das letzte Mal zusammen in die Mittagspause. Da dachte ich mir, dass ich ihr ja schonmal eine Kleinigkeit f\u00fcr das Baby schenken k\u00f6nnte. Ich habe mich f\u00fcr ein kuscheliges SchnuckiP\u00fc entschieden: Dieses SchnuckiP\u00fc [&hellip;]<\/p>\n","protected":false},"author":1,"featured_media":0,"comment_status":"open","ping_status":"open","sticky":false,"template":"","format":"standard","meta":{"footnotes":""},"categories":[10],"tags":[52,59],"class_list":["post-613","post","type-post","status-publish","format-standard","hentry","category-kuscheltiere","tag-kuscheltiere","tag-nahen"],"_links":{"self":[{"href":"https:\/\/supernane.de\/index.php?rest_route=\/wp\/v2\/posts\/613","targetHints":{"allow":["GET"]}}],"collection":[{"href":"https:\/\/supernane.de\/index.php?rest_route=\/wp\/v2\/posts"}],"about":[{"href":"https:\/\/supernane.de\/index.php?rest_route=\/wp\/v2\/types\/post"}],"author":[{"embeddable":true,"href":"https:\/\/supernane.de\/index.php?rest_route=\/wp\/v2\/users\/1"}],"replies":[{"embeddable":true,"href":"https:\/\/supernane.de\/index.php?rest_route=%2Fwp%2Fv2%2Fcomments&post=613"}],"version-history":[{"count":0,"href":"https:\/\/supernane.de\/index.php?rest_route=\/wp\/v2\/posts\/613\/revisions"}],"wp:attachment":[{"href":"https:\/\/supernane.de\/index.php?rest_route=%2Fwp%2Fv2%2Fmedia&parent=613"}],"wp:term":[{"taxonomy":"category","embeddable":true,"href":"https:\/\/supernane.de\/index.php?rest_route=%2Fwp%2Fv2%2Fcategories&post=613"},{"taxonomy":"post_tag","embeddable":true,"href":"https:\/\/supernane.de\/index.php?rest_route=%2Fwp%2Fv2%2Ftags&post=613"}],"curies":[{"name":"wp","href":"https:\/\/api.w.org\/{rel}","templated":true}]}}