{"id":1218,"date":"2018-01-28T11:54:45","date_gmt":"2018-01-28T10:54:45","guid":{"rendered":"http:\/\/supernane.de\/?p=1218"},"modified":"2018-01-28T11:54:45","modified_gmt":"2018-01-28T10:54:45","slug":"alles-auf-anfang","status":"publish","type":"post","link":"https:\/\/supernane.de\/?p=1218","title":{"rendered":"Alles auf Anfang?"},"content":{"rendered":"<p>Tja, was soll ich sagen? Fast zwei Jahre sind seit dem letzten Post vergangen und bereits damals habe ich mir vorgenommen, wieder mehr zu bloggen. Vor ein paar Tagen habe ich meinem Mann gesagt, er k\u00f6nne meinen Blog eigentlich auch abschalten.<\/p>\n<p>Seitdem frage ich mich: Will ich das wirklich?<\/p>\n<p>W\u00e4r ja irgendwie auch schade. Mir hat das Bloggen immer Spa\u00df gemacht. Vorausgesetzt ich hatte Zeit.<\/p>\n<p style=\"text-align: center;\">Also starten wir mal neu durch hier!<\/p>\n<p>Aus den letzten zwei Jahren gibt es einige N\u00e4h- und Bastelwerke, ich fange einfach mal an Euch die zu zeigen..<\/p>\n<p>Hier sind erstmal ein paar Sachen f\u00fcr die Jungs, aus denen sie inzwischen fast oder schon ganz rausgewachsen sind:<\/p>\n<p><strong>Wir lieben Jogginghosen!<\/strong><!--more--><\/p>\n<p class=\"aligncenter\">\u00a0<img loading=\"lazy\" decoding=\"async\" class=\"wp-image-1219 size-medium alignleft\" src=\"https:\/\/mig.uli-baumann.de\/wp-content\/uploads\/2018\/01\/IMG_5349-225x300.jpg\" alt=\"JoggingHose\" width=\"225\" height=\"300\" \/><img loading=\"lazy\" decoding=\"async\" class=\"wp-image-1220 size-medium alignleft\" src=\"https:\/\/mig.uli-baumann.de\/wp-content\/uploads\/2018\/01\/IMG_5372-211x300.jpg\" alt=\"IMG_5372\" width=\"211\" height=\"300\" \/><\/p>\n<p>&nbsp;<\/p>\n<p>&nbsp;<\/p>\n<p>&nbsp;<\/p>\n<p>&nbsp;<\/p>\n<p>&nbsp;<\/p>\n<p>&nbsp;<\/p>\n<p>&nbsp;<\/p>\n<p>&nbsp;<\/p>\n<p>&nbsp;<\/p>\n<p>&nbsp;<\/p>\n<p>Von diesen Jogginghosen habe ich mehr als diese beiden gen\u00e4ht. Die waren perfekt f\u00fcr die Jungs. Sa\u00dfen gut und waren tauglich f\u00fcr viele Gelegenheiten: Kindergarten. Spielen drinnen und drau\u00dfen. Turnen.<\/p>\n<p>Schnitt: Ottobre 4\/2013 Ultimate Casual<br \/>\nSweatstoff: Lisa&#8217;s Stoffe Rheda<\/p>\n<p><strong>Sweatjacken<\/strong><\/p>\n<p><img loading=\"lazy\" decoding=\"async\" class=\"aligncenter size-large wp-image-1221\" src=\"https:\/\/mig.uli-baumann.de\/wp-content\/uploads\/2018\/01\/IMG_5400-1024x768.jpg\" alt=\"IMG_5400\" width=\"500\" height=\"375\" \/><\/p>\n<p>Auch diese Jacken sind wahre Allrounder. Gen\u00e4ht aus kuscheligem Sweat waren sie ganzj\u00e4hrig im Einsatz. Egal ob zum dr\u00fcber ziehen f\u00fcr drinnen oder bei w\u00e4rmerem Wetter auch drau\u00dfen. Auch unter Steppwesten waren die wirklich ideal.<\/p>\n<p>Schnitt: <a href=\"https:\/\/milchmonster.de\/e-books\/kinder\/17\/e-book-mimo-pdf-download\" target=\"_blank\" rel=\"noopener\">Mimo von Milchmonster<\/a><br \/>\nSweatstoff: Lisa&#8217;s Stoffe Rheda<\/p>\n<p>Die Jungs brauchen neue solchen Jacken. Nehme ich den gleichen Schnitt oder probiere ich etwas anderes?<\/p>\n<p><strong>Softshelljacken<\/strong><\/p>\n<p><img loading=\"lazy\" decoding=\"async\" class=\"aligncenter size-large wp-image-1222\" src=\"https:\/\/mig.uli-baumann.de\/wp-content\/uploads\/2018\/01\/IMG_5416-1024x768.jpg\" alt=\"IMG_5416\" width=\"500\" height=\"375\" \/><\/p>\n<p>Mein erstes Mal Softshell. Irgendwie ein Angstgegner.<br \/>\nUnd nun das gro\u00dfe ABER: Softshell l\u00e4sst sich gro\u00dfartig verarbeiten. Trotzdem sind mir bei diesen Jacken diverse Fehler passiert, weshalb ich anfangs nicht so \u00fcberzeugt von diesen Jacken war. Ge\u00e4ndert hat sich meine Meinung \u00fcber die Jacken, als ich feststellte, dass die Jungs sie wirklich gern tragen. Was will das Mama-Herz also mehr? \ud83d\ude42<br \/>\nBeim n\u00e4chsten Versuch (der auch bald dran ist) versuche ich also die Verarbeitung zu verbessern.<\/p>\n<p>Schnitt: <a href=\"https:\/\/farbenmix.de\/schnittmuster\/kinderschnitte\/1448\/quinn-softshell-jacke-papierschnittmuster\" target=\"_blank\" rel=\"noopener\">Quinn von farbenmix.de<br \/>\n<\/a>Softshell: <a href=\"http:\/\/www.stoffwelten.de\" target=\"_blank\" rel=\"noopener\">stoffwelten.de<\/a><\/p>\n<p>Weiter geht es hoffentlich bald in einem n\u00e4chsten Post..<\/p>\n","protected":false},"excerpt":{"rendered":"<p>Tja, was soll ich sagen? Fast zwei Jahre sind seit dem letzten Post vergangen und bereits damals habe ich mir vorgenommen, wieder mehr zu bloggen. Vor ein paar Tagen habe ich meinem Mann gesagt, er k\u00f6nne meinen Blog eigentlich auch abschalten. Seitdem frage ich mich: Will ich das wirklich? W\u00e4r ja irgendwie auch schade. Mir [&hellip;]<\/p>\n","protected":false},"author":1,"featured_media":0,"comment_status":"open","ping_status":"open","sticky":false,"template":"","format":"standard","meta":{"footnotes":""},"categories":[7],"tags":[25,55,62,70,87],"class_list":["post-1218","post","type-post","status-publish","format-standard","hentry","category-kinderkleidung","tag-farbenmix","tag-mimo","tag-ottobre","tag-quinn","tag-ultimate-casual"],"_links":{"self":[{"href":"https:\/\/supernane.de\/index.php?rest_route=\/wp\/v2\/posts\/1218","targetHints":{"allow":["GET"]}}],"collection":[{"href":"https:\/\/supernane.de\/index.php?rest_route=\/wp\/v2\/posts"}],"about":[{"href":"https:\/\/supernane.de\/index.php?rest_route=\/wp\/v2\/types\/post"}],"author":[{"embeddable":true,"href":"https:\/\/supernane.de\/index.php?rest_route=\/wp\/v2\/users\/1"}],"replies":[{"embeddable":true,"href":"https:\/\/supernane.de\/index.php?rest_route=%2Fwp%2Fv2%2Fcomments&post=1218"}],"version-history":[{"count":0,"href":"https:\/\/supernane.de\/index.php?rest_route=\/wp\/v2\/posts\/1218\/revisions"}],"wp:attachment":[{"href":"https:\/\/supernane.de\/index.php?rest_route=%2Fwp%2Fv2%2Fmedia&parent=1218"}],"wp:term":[{"taxonomy":"category","embeddable":true,"href":"https:\/\/supernane.de\/index.php?rest_route=%2Fwp%2Fv2%2Fcategories&post=1218"},{"taxonomy":"post_tag","embeddable":true,"href":"https:\/\/supernane.de\/index.php?rest_route=%2Fwp%2Fv2%2Ftags&post=1218"}],"curies":[{"name":"wp","href":"https:\/\/api.w.org\/{rel}","templated":true}]}}