{"id":1024,"date":"2012-10-01T07:42:15","date_gmt":"2012-10-01T05:42:15","guid":{"rendered":"http:\/\/supernane.de\/?p=1024"},"modified":"2012-10-01T07:42:15","modified_gmt":"2012-10-01T05:42:15","slug":"alles-hat-ein-ende","status":"publish","type":"post","link":"https:\/\/supernane.de\/?p=1024","title":{"rendered":"Alles hat ein Ende&#8230;"},"content":{"rendered":"<p>&#8230; nur der Loop hat keins. Oder so.<\/p>\n<p>Es wird Herbst. Ein bisschen mehr und l\u00e4nger Sommer w\u00e4re zwar sch\u00f6n gewesen, aber der Herbst ist an seinen sch\u00f6nen Tagen ja auch nicht zu verachten. Und weil es Herbst wird, braucht man wieder etwas warmes um den Hals. <!--more-->So ist gestern aus einer Laune heraus ein Loop-Schal nach Anleitung von <a href=\"http:\/\/www.farbenmix.de\/shop\/Kreative-FREEbooks\/Schlauchschal-Loop-Kreativ-Ebook-als-Geschenk::10703.html\" target=\"_blank\" rel=\"noopener\">farbenmix.de<\/a> entstanden:<\/p>\n<p>&nbsp;<\/p>\n<p><a href=\"http:\/\/supernane.de\/2012\/10\/alles-hat-ein-ende\/foto\/\" rel=\"attachment wp-att-1057\"><img loading=\"lazy\" decoding=\"async\" class=\"aligncenter size-large wp-image-1057\" alt=\"Foto\" src=\"https:\/\/mig.uli-baumann.de\/wp-content\/uploads\/2012\/10\/Foto-1024x768.jpg\" width=\"364\" height=\"274\" srcset=\"https:\/\/supernane.de\/wp-content\/uploads\/2012\/10\/Foto-1024x768.jpg 1024w, https:\/\/supernane.de\/wp-content\/uploads\/2012\/10\/Foto-300x225.jpg 300w, https:\/\/supernane.de\/wp-content\/uploads\/2012\/10\/Foto-768x576.jpg 768w, https:\/\/supernane.de\/wp-content\/uploads\/2012\/10\/Foto-1536x1152.jpg 1536w, https:\/\/supernane.de\/wp-content\/uploads\/2012\/10\/Foto-2048x1536.jpg 2048w, https:\/\/supernane.de\/wp-content\/uploads\/2012\/10\/Foto-1200x900.jpg 1200w, https:\/\/supernane.de\/wp-content\/uploads\/2012\/10\/Foto-1980x1485.jpg 1980w\" sizes=\"auto, (max-width: 364px) 100vw, 364px\" \/><\/a><\/p>\n<p>Diese Variante ist aus vorhandenen Reststoffen gen\u00e4ht. Au\u00dfen ein pinkes Schottenkaro und innen eine einfache schwarze Baumwolle.<\/p>\n<p>Mit der L\u00e4nge des Schals und auch den verwendeten Stoffen werde ich noch ein wenig spielen, denn das war sicher nicht der letzte Schal dieser Art. Ich denke, f\u00fcr den Winter kommt noch eine Variante mit Fleece auf der Innenseite. Das wird sicher sch\u00f6n kuschelig.<\/p>\n<p>Was mir an dieser Art Schal bzw. Tuch gef\u00e4llt: Er bleibt an seinem Platz.<\/p>\n<p>Ein normaler Schal verrutscht so, dass man dann doch friert. Oder er baumelt irgendwie rum und die Enden des Schals nerven. Das gibt&#8217;s hier nicht.<\/p>\n<p>&nbsp;<\/p>\n","protected":false},"excerpt":{"rendered":"<p>&#8230; nur der Loop hat keins. Oder so. Es wird Herbst. Ein bisschen mehr und l\u00e4nger Sommer w\u00e4re zwar sch\u00f6n gewesen, aber der Herbst ist an seinen sch\u00f6nen Tagen ja auch nicht zu verachten. Und weil es Herbst wird, braucht man wieder etwas warmes um den Hals.<\/p>\n","protected":false},"author":1,"featured_media":0,"comment_status":"open","ping_status":"open","sticky":false,"template":"","format":"standard","meta":{"footnotes":""},"categories":[8],"tags":[53,59,74],"class_list":["post-1024","post","type-post","status-publish","format-standard","hentry","category-kleidung","tag-loop","tag-nahen","tag-schal"],"_links":{"self":[{"href":"https:\/\/supernane.de\/index.php?rest_route=\/wp\/v2\/posts\/1024","targetHints":{"allow":["GET"]}}],"collection":[{"href":"https:\/\/supernane.de\/index.php?rest_route=\/wp\/v2\/posts"}],"about":[{"href":"https:\/\/supernane.de\/index.php?rest_route=\/wp\/v2\/types\/post"}],"author":[{"embeddable":true,"href":"https:\/\/supernane.de\/index.php?rest_route=\/wp\/v2\/users\/1"}],"replies":[{"embeddable":true,"href":"https:\/\/supernane.de\/index.php?rest_route=%2Fwp%2Fv2%2Fcomments&post=1024"}],"version-history":[{"count":0,"href":"https:\/\/supernane.de\/index.php?rest_route=\/wp\/v2\/posts\/1024\/revisions"}],"wp:attachment":[{"href":"https:\/\/supernane.de\/index.php?rest_route=%2Fwp%2Fv2%2Fmedia&parent=1024"}],"wp:term":[{"taxonomy":"category","embeddable":true,"href":"https:\/\/supernane.de\/index.php?rest_route=%2Fwp%2Fv2%2Fcategories&post=1024"},{"taxonomy":"post_tag","embeddable":true,"href":"https:\/\/supernane.de\/index.php?rest_route=%2Fwp%2Fv2%2Ftags&post=1024"}],"curies":[{"name":"wp","href":"https:\/\/api.w.org\/{rel}","templated":true}]}}